{"id":5208,"date":"2025-02-18T12:53:57","date_gmt":"2025-02-18T11:53:57","guid":{"rendered":"https:\/\/adverteren.omropfryslan.nl\/bopperegionaal-advertearje\/"},"modified":"2026-03-12T15:07:32","modified_gmt":"2026-03-12T14:07:32","slug":"bopperegionaal-advertearje","status":"publish","type":"post","link":"https:\/\/adverteren.omropfryslan.nl\/fy\/bopperegionaal-advertearje\/","title":{"rendered":"Bopperegionaal advertearje"},"content":{"rendered":"\n<p><\/p>\n\n<p style=\"font-size:18px\"><strong>Tegearre mei RTV Drinte en RTV Noard bondelje wy as Omrop Frysl\u00e2n \u00fas kr\u00eaften. As advertearder jout dit dy de mooglikheid om yn de noardlike provinsjes in noch grutter publyk te berikken. Wy biede mienskiplik \u00fas advertearmoglikheden oan om reklamekampanjes op radio, telefyzje en \u00fas online kanalen t\u00fbk te kombinearjen. Fia ien omrop is alles te boeken en d\u00earmei profitearst do fan \u00fas bopperegionale (BOREG) gearwurking.  <\/strong><\/p>\n\n<p style=\"font-size:18px\">De regionale nijssiden en de mobile apps dy\u2019t d\u00ear by hearre, binne goed foar 21 miljoen besiken yn \u2018e moanne. D\u00earneist berikke wy fiar \u00fas radiostasjons en trije telefyzjekanalen 285.000 unike harkers en goed 425.000 sjoggers yn \u2018e moanne.  <\/p>\n\n<p><strong>Wat binne de foardielen fan in bopperegionale kampanje?<\/strong><\/p>\n\n<ul class=\"wp-block-list\">\n<li>We hawwe mienskiplik in grut berik<\/li>\n\n\n\n<li>It draacht by oan it fergrutsjen fan dyn nammebekendheid en keapyntinsje<\/li>\n\n\n\n<li>Do kinst dy op meardere spesifike regio\u2019s tagelyk rjochtsje<\/li>\n\n\n\n<li>Online kinne we foar dyn banner- en\/of fideokampanje eksakte doelen tapasse<\/li>\n\n\n\n<li>Us kwalitative programmearring yn de regio strielt \u00f4f op dyn merk<\/li>\n\n\n\n<li>Do profitearrest fan royale kennis en regionale \u00fbnderfining yn it noarden<\/li>\n\n\n\n<li>Fia ien omrop is alles te boeken<\/li>\n<\/ul>\n\n<p style=\"font-size:18px\"><strong>Bopperegionaal advertearje: hoe pakst it oan?<br \/><\/strong>As advertearder kinst fia ien Omrop dyn kampanje f\u00eastlizze foar alle trije of twa omroppen tagelyk. Sa berikt dyn boadskip elkenien yn Frysl\u00e2n, Grinsl\u00e2n en\/of Drinte. <br \/><\/p>\n\n<p style=\"font-size:18px\"><strong>Hasto noch gjin tv- of radioreklamespot?<\/strong><br \/>Wy hawwe in profesjoneel network fan produksjebedriuwen dy\u2019t yn koarte tiid in reklamespot meitsje kinne. Fan strategy oant \u00fatfiering, we ynventarisearje dyn ferlet en keppelje dy d\u00earnei oan de geskikte produsint. Dit jildt ek foar de opmaak fan online reklame. Do hast al in bannerset foar \u20ac 125,-, in radioreklamespot foar \u20ac 300,- en in grafyske semy-bewegende spot (op basis fan besteand byldmateriaal) foar \u20ac 695,-. Dit binne de basisprizen, eks btw.   <br \/><\/p>\n\n<p style=\"font-size:18px\"><strong>Start dyn BOREG-kampanje by Omrop Frysl\u00e2n<br \/><\/strong>Ynteresse yn in kampanje of in frijbliuwende \u00f4fspraak meitsje om de mooglikheden te ferkennen? Nim kontakt mei \u00fas op fia de <strong><a href=\"https:\/\/adverteren.omropfryslan.nl\/fy\/kontakt\/\">contactpagina<\/a><\/strong> of belje 058-299 78 78. <\/p>\n\n<div class=\"wp-block-buttons is-layout-flex wp-block-buttons-is-layout-flex\">\n<div class=\"wp-block-button\"><a class=\"wp-block-button__link has-vivid-red-background-color has-background wp-element-button\" href=\"https:\/\/adverteren.omropfryslan.nl\/fy\/kontakt\/\"><span style=\"text-decoration: underline\">Nim kontakt mei \u00fas op<\/span><\/a><\/div>\n<\/div>\n\n<p><\/p>\n\n<p><strong>Besjoch hjir ek <a href=\"https:\/\/www.deregiowerkt.nl\/\">Deregiowerkt<\/a>, fakatuerenijs \u00fat de regio, in mienskiplik inisjatyf fan RTV Noord, RTV Drenthe en Omrop Frysl\u00e2n.<\/strong><\/p>\n","protected":false},"excerpt":{"rendered":"<p>Tegearre mei RTV Drinte en RTV Noard bondelje wy as Omrop Frysl\u00e2n \u00fas kr\u00eaften. As advertearder jout dit dy de mooglikheid om yn de noardlike provinsjes in noch grutter publyk te berikken. Wy biede mienskiplik \u00fas advertearmoglikheden oan om reklamekampanjes op radio, telefyzje en \u00fas online kanalen t\u00fbk te kombinearjen. Fia ien omrop is alles [&hellip;]<\/p>\n","protected":false},"author":20,"featured_media":5207,"comment_status":"closed","ping_status":"open","sticky":false,"template":"","format":"standard","meta":{"_acf_changed":false,"_et_pb_use_builder":"","_et_pb_old_content":"","_et_gb_content_width":"","inline_featured_image":false,"footnotes":""},"categories":[136],"tags":[12,47,26,29,48],"class_list":["post-5208","post","type-post","status-publish","format-standard","has-post-thumbnail","hentry","category-pakketten-en-acties","tag-actie","tag-marketing","tag-omrop-fryslan","tag-reclame","tag-sales"],"acf":[],"yoast_head":"<!-- This site is optimized with the Yoast SEO plugin v26.1.1 - https:\/\/yoast.com\/wordpress\/plugins\/seo\/ -->\n<title>Bopperegionaal advertearje - Omrop Frysl\u00e2n<\/title>\n<meta name=\"description\" content=\"Tegearre mei RTV Drinte en RTV Noard bondelje wy as Omrop Frysl\u00e2n \u00fas kr\u00eaften.\" \/>\n<meta name=\"robots\" content=\"index, follow, max-snippet:-1, max-image-preview:large, max-video-preview:-1\" \/>\n<link rel=\"canonical\" href=\"https:\/\/adverteren.omropfryslan.nl\/fy\/bopperegionaal-advertearje\/\" \/>\n<meta property=\"og:locale\" content=\"en_US\" \/>\n<meta property=\"og:type\" content=\"article\" \/>\n<meta property=\"og:title\" content=\"Bopperegionaal advertearje - Omrop Frysl\u00e2n\" \/>\n<meta property=\"og:description\" content=\"Tegearre mei RTV Drinte en RTV Noard bondelje wy as Omrop Frysl\u00e2n \u00fas kr\u00eaften.\" \/>\n<meta property=\"og:url\" content=\"https:\/\/adverteren.omropfryslan.nl\/fy\/bopperegionaal-advertearje\/\" \/>\n<meta property=\"og:site_name\" content=\"Omrop Fryslan\" \/>\n<meta property=\"article:publisher\" content=\"https:\/\/www.facebook.com\/OmropFryslan\" \/>\n<meta property=\"article:published_time\" content=\"2025-02-18T11:53:57+00:00\" \/>\n<meta property=\"article:modified_time\" content=\"2026-03-12T14:07:32+00:00\" \/>\n<meta property=\"og:image\" content=\"https:\/\/adverteren.omropfryslan.nl\/wp-content\/uploads\/2023\/11\/BOREG-Banner.jpg\" \/>\n\t<meta property=\"og:image:width\" content=\"1620\" \/>\n\t<meta property=\"og:image:height\" content=\"1080\" \/>\n\t<meta property=\"og:image:type\" content=\"image\/jpeg\" \/>\n<meta name=\"author\" content=\"Ferdinanda Braaksma\" \/>\n<meta name=\"twitter:card\" content=\"summary_large_image\" \/>\n<meta name=\"twitter:creator\" content=\"@omropfryslan\" \/>\n<meta name=\"twitter:site\" content=\"@omropfryslan\" \/>\n<meta name=\"twitter:label1\" content=\"Written by\" \/>\n\t<meta name=\"twitter:data1\" content=\"Ferdinanda Braaksma\" \/>\n\t<meta name=\"twitter:label2\" content=\"Est. reading time\" \/>\n\t<meta name=\"twitter:data2\" content=\"2 minutes\" \/>\n<script type=\"application\/ld+json\" class=\"yoast-schema-graph\">{\"@context\":\"https:\/\/schema.org\",\"@graph\":[{\"@type\":\"Article\",\"@id\":\"https:\/\/adverteren.omropfryslan.nl\/fy\/bopperegionaal-advertearje\/#article\",\"isPartOf\":{\"@id\":\"https:\/\/adverteren.omropfryslan.nl\/fy\/bopperegionaal-advertearje\/\"},\"author\":{\"name\":\"Ferdinanda Braaksma\",\"@id\":\"https:\/\/adverteren.omropfryslan.nl\/#\/schema\/person\/7f87a1ee8c6356c389ea8e7fc96c0254\"},\"headline\":\"Bopperegionaal advertearje\",\"datePublished\":\"2025-02-18T11:53:57+00:00\",\"dateModified\":\"2026-03-12T14:07:32+00:00\",\"mainEntityOfPage\":{\"@id\":\"https:\/\/adverteren.omropfryslan.nl\/fy\/bopperegionaal-advertearje\/\"},\"wordCount\":357,\"publisher\":{\"@id\":\"https:\/\/adverteren.omropfryslan.nl\/#organization\"},\"image\":{\"@id\":\"https:\/\/adverteren.omropfryslan.nl\/fy\/bopperegionaal-advertearje\/#primaryimage\"},\"thumbnailUrl\":\"https:\/\/adverteren.omropfryslan.nl\/wp-content\/uploads\/2023\/11\/BOREG-Banner.jpg\",\"keywords\":[\"actie\",\"Marketing\",\"Omrop Frysl\u00e2n\",\"Reclame\",\"Sales\"],\"articleSection\":[\"Pakketten en Acties\"],\"inLanguage\":\"fy-FY\"},{\"@type\":\"WebPage\",\"@id\":\"https:\/\/adverteren.omropfryslan.nl\/fy\/bopperegionaal-advertearje\/\",\"url\":\"https:\/\/adverteren.omropfryslan.nl\/fy\/bopperegionaal-advertearje\/\",\"name\":\"Bopperegionaal advertearje - Omrop Frysl\u00e2n\",\"isPartOf\":{\"@id\":\"https:\/\/adverteren.omropfryslan.nl\/#website\"},\"primaryImageOfPage\":{\"@id\":\"https:\/\/adverteren.omropfryslan.nl\/fy\/bopperegionaal-advertearje\/#primaryimage\"},\"image\":{\"@id\":\"https:\/\/adverteren.omropfryslan.nl\/fy\/bopperegionaal-advertearje\/#primaryimage\"},\"thumbnailUrl\":\"https:\/\/adverteren.omropfryslan.nl\/wp-content\/uploads\/2023\/11\/BOREG-Banner.jpg\",\"datePublished\":\"2025-02-18T11:53:57+00:00\",\"dateModified\":\"2026-03-12T14:07:32+00:00\",\"description\":\"Tegearre mei RTV Drinte en RTV Noard bondelje wy as Omrop Frysl\u00e2n \u00fas kr\u00eaften.\",\"breadcrumb\":{\"@id\":\"https:\/\/adverteren.omropfryslan.nl\/fy\/bopperegionaal-advertearje\/#breadcrumb\"},\"inLanguage\":\"fy-FY\",\"potentialAction\":[{\"@type\":\"ReadAction\",\"target\":[\"https:\/\/adverteren.omropfryslan.nl\/fy\/bopperegionaal-advertearje\/\"]}]},{\"@type\":\"ImageObject\",\"inLanguage\":\"fy-FY\",\"@id\":\"https:\/\/adverteren.omropfryslan.nl\/fy\/bopperegionaal-advertearje\/#primaryimage\",\"url\":\"https:\/\/adverteren.omropfryslan.nl\/wp-content\/uploads\/2023\/11\/BOREG-Banner.jpg\",\"contentUrl\":\"https:\/\/adverteren.omropfryslan.nl\/wp-content\/uploads\/2023\/11\/BOREG-Banner.jpg\",\"width\":1620,\"height\":1080},{\"@type\":\"BreadcrumbList\",\"@id\":\"https:\/\/adverteren.omropfryslan.nl\/fy\/bopperegionaal-advertearje\/#breadcrumb\",\"itemListElement\":[{\"@type\":\"ListItem\",\"position\":1,\"name\":\"Home\",\"item\":\"https:\/\/adverteren.omropfryslan.nl\/fy\/home\/\"},{\"@type\":\"ListItem\",\"position\":2,\"name\":\"Bopperegionaal advertearje\"}]},{\"@type\":\"WebSite\",\"@id\":\"https:\/\/adverteren.omropfryslan.nl\/#website\",\"url\":\"https:\/\/adverteren.omropfryslan.nl\/\",\"name\":\"Omrop Fryslan\",\"description\":\"Het laatste nieuws van Frysl\u00e2n\",\"publisher\":{\"@id\":\"https:\/\/adverteren.omropfryslan.nl\/#organization\"},\"potentialAction\":[{\"@type\":\"SearchAction\",\"target\":{\"@type\":\"EntryPoint\",\"urlTemplate\":\"https:\/\/adverteren.omropfryslan.nl\/?s={search_term_string}\"},\"query-input\":{\"@type\":\"PropertyValueSpecification\",\"valueRequired\":true,\"valueName\":\"search_term_string\"}}],\"inLanguage\":\"fy-FY\"},{\"@type\":\"Organization\",\"@id\":\"https:\/\/adverteren.omropfryslan.nl\/#organization\",\"name\":\"Omrop Frysl\u00e2n\",\"url\":\"https:\/\/adverteren.omropfryslan.nl\/\",\"logo\":{\"@type\":\"ImageObject\",\"inLanguage\":\"fy-FY\",\"@id\":\"https:\/\/adverteren.omropfryslan.nl\/#\/schema\/logo\/image\/\",\"url\":\"https:\/\/adverteren.omropfryslan.nl\/wp-content\/uploads\/2021\/01\/omrop_fryslan_logo.jpg\",\"contentUrl\":\"https:\/\/adverteren.omropfryslan.nl\/wp-content\/uploads\/2021\/01\/omrop_fryslan_logo.jpg\",\"width\":2364,\"height\":592,\"caption\":\"Omrop Frysl\u00e2n\"},\"image\":{\"@id\":\"https:\/\/adverteren.omropfryslan.nl\/#\/schema\/logo\/image\/\"},\"sameAs\":[\"https:\/\/www.facebook.com\/OmropFryslan\",\"https:\/\/x.com\/omropfryslan\",\"https:\/\/www.instagram.com\/omropfryslan\/\",\"https:\/\/www.linkedin.com\/company\/omropfryslan\/\",\"https:\/\/www.youtube.com\/user\/OmropFryslan\"]},{\"@type\":\"Person\",\"@id\":\"https:\/\/adverteren.omropfryslan.nl\/#\/schema\/person\/7f87a1ee8c6356c389ea8e7fc96c0254\",\"name\":\"Ferdinanda Braaksma\",\"image\":{\"@type\":\"ImageObject\",\"inLanguage\":\"fy-FY\",\"@id\":\"https:\/\/adverteren.omropfryslan.nl\/#\/schema\/person\/image\/\",\"url\":\"https:\/\/adverteren.omropfryslan.nl\/wp-content\/uploads\/2021\/02\/Ferdinanda-Braaksma-LR-1-300x300.png\",\"contentUrl\":\"https:\/\/adverteren.omropfryslan.nl\/wp-content\/uploads\/2021\/02\/Ferdinanda-Braaksma-LR-1-300x300.png\",\"caption\":\"Ferdinanda Braaksma\"},\"description\":\"Commercieel medewerker 06-17202606 Neem contact op\"}]}<\/script>\n<!-- \/ Yoast SEO plugin. -->","yoast_head_json":{"title":"Bopperegionaal advertearje - Omrop Frysl\u00e2n","description":"Tegearre mei RTV Drinte en RTV Noard bondelje wy as Omrop Frysl\u00e2n \u00fas kr\u00eaften.","robots":{"index":"index","follow":"follow","max-snippet":"max-snippet:-1","max-image-preview":"max-image-preview:large","max-video-preview":"max-video-preview:-1"},"canonical":"https:\/\/adverteren.omropfryslan.nl\/fy\/bopperegionaal-advertearje\/","og_locale":"en_US","og_type":"article","og_title":"Bopperegionaal advertearje - Omrop Frysl\u00e2n","og_description":"Tegearre mei RTV Drinte en RTV Noard bondelje wy as Omrop Frysl\u00e2n \u00fas kr\u00eaften.","og_url":"https:\/\/adverteren.omropfryslan.nl\/fy\/bopperegionaal-advertearje\/","og_site_name":"Omrop Fryslan","article_publisher":"https:\/\/www.facebook.com\/OmropFryslan","article_published_time":"2025-02-18T11:53:57+00:00","article_modified_time":"2026-03-12T14:07:32+00:00","og_image":[{"width":1620,"height":1080,"url":"https:\/\/adverteren.omropfryslan.nl\/wp-content\/uploads\/2023\/11\/BOREG-Banner.jpg","type":"image\/jpeg"}],"author":"Ferdinanda Braaksma","twitter_card":"summary_large_image","twitter_creator":"@omropfryslan","twitter_site":"@omropfryslan","twitter_misc":{"Written by":"Ferdinanda Braaksma","Est. reading time":"2 minutes"},"schema":{"@context":"https:\/\/schema.org","@graph":[{"@type":"Article","@id":"https:\/\/adverteren.omropfryslan.nl\/fy\/bopperegionaal-advertearje\/#article","isPartOf":{"@id":"https:\/\/adverteren.omropfryslan.nl\/fy\/bopperegionaal-advertearje\/"},"author":{"name":"Ferdinanda Braaksma","@id":"https:\/\/adverteren.omropfryslan.nl\/#\/schema\/person\/7f87a1ee8c6356c389ea8e7fc96c0254"},"headline":"Bopperegionaal advertearje","datePublished":"2025-02-18T11:53:57+00:00","dateModified":"2026-03-12T14:07:32+00:00","mainEntityOfPage":{"@id":"https:\/\/adverteren.omropfryslan.nl\/fy\/bopperegionaal-advertearje\/"},"wordCount":357,"publisher":{"@id":"https:\/\/adverteren.omropfryslan.nl\/#organization"},"image":{"@id":"https:\/\/adverteren.omropfryslan.nl\/fy\/bopperegionaal-advertearje\/#primaryimage"},"thumbnailUrl":"https:\/\/adverteren.omropfryslan.nl\/wp-content\/uploads\/2023\/11\/BOREG-Banner.jpg","keywords":["actie","Marketing","Omrop Frysl\u00e2n","Reclame","Sales"],"articleSection":["Pakketten en Acties"],"inLanguage":"fy-FY"},{"@type":"WebPage","@id":"https:\/\/adverteren.omropfryslan.nl\/fy\/bopperegionaal-advertearje\/","url":"https:\/\/adverteren.omropfryslan.nl\/fy\/bopperegionaal-advertearje\/","name":"Bopperegionaal advertearje - Omrop Frysl\u00e2n","isPartOf":{"@id":"https:\/\/adverteren.omropfryslan.nl\/#website"},"primaryImageOfPage":{"@id":"https:\/\/adverteren.omropfryslan.nl\/fy\/bopperegionaal-advertearje\/#primaryimage"},"image":{"@id":"https:\/\/adverteren.omropfryslan.nl\/fy\/bopperegionaal-advertearje\/#primaryimage"},"thumbnailUrl":"https:\/\/adverteren.omropfryslan.nl\/wp-content\/uploads\/2023\/11\/BOREG-Banner.jpg","datePublished":"2025-02-18T11:53:57+00:00","dateModified":"2026-03-12T14:07:32+00:00","description":"Tegearre mei RTV Drinte en RTV Noard bondelje wy as Omrop Frysl\u00e2n \u00fas kr\u00eaften.","breadcrumb":{"@id":"https:\/\/adverteren.omropfryslan.nl\/fy\/bopperegionaal-advertearje\/#breadcrumb"},"inLanguage":"fy-FY","potentialAction":[{"@type":"ReadAction","target":["https:\/\/adverteren.omropfryslan.nl\/fy\/bopperegionaal-advertearje\/"]}]},{"@type":"ImageObject","inLanguage":"fy-FY","@id":"https:\/\/adverteren.omropfryslan.nl\/fy\/bopperegionaal-advertearje\/#primaryimage","url":"https:\/\/adverteren.omropfryslan.nl\/wp-content\/uploads\/2023\/11\/BOREG-Banner.jpg","contentUrl":"https:\/\/adverteren.omropfryslan.nl\/wp-content\/uploads\/2023\/11\/BOREG-Banner.jpg","width":1620,"height":1080},{"@type":"BreadcrumbList","@id":"https:\/\/adverteren.omropfryslan.nl\/fy\/bopperegionaal-advertearje\/#breadcrumb","itemListElement":[{"@type":"ListItem","position":1,"name":"Home","item":"https:\/\/adverteren.omropfryslan.nl\/fy\/home\/"},{"@type":"ListItem","position":2,"name":"Bopperegionaal advertearje"}]},{"@type":"WebSite","@id":"https:\/\/adverteren.omropfryslan.nl\/#website","url":"https:\/\/adverteren.omropfryslan.nl\/","name":"Omrop Fryslan","description":"Het laatste nieuws van Frysl\u00e2n","publisher":{"@id":"https:\/\/adverteren.omropfryslan.nl\/#organization"},"potentialAction":[{"@type":"SearchAction","target":{"@type":"EntryPoint","urlTemplate":"https:\/\/adverteren.omropfryslan.nl\/?s={search_term_string}"},"query-input":{"@type":"PropertyValueSpecification","valueRequired":true,"valueName":"search_term_string"}}],"inLanguage":"fy-FY"},{"@type":"Organization","@id":"https:\/\/adverteren.omropfryslan.nl\/#organization","name":"Omrop Frysl\u00e2n","url":"https:\/\/adverteren.omropfryslan.nl\/","logo":{"@type":"ImageObject","inLanguage":"fy-FY","@id":"https:\/\/adverteren.omropfryslan.nl\/#\/schema\/logo\/image\/","url":"https:\/\/adverteren.omropfryslan.nl\/wp-content\/uploads\/2021\/01\/omrop_fryslan_logo.jpg","contentUrl":"https:\/\/adverteren.omropfryslan.nl\/wp-content\/uploads\/2021\/01\/omrop_fryslan_logo.jpg","width":2364,"height":592,"caption":"Omrop Frysl\u00e2n"},"image":{"@id":"https:\/\/adverteren.omropfryslan.nl\/#\/schema\/logo\/image\/"},"sameAs":["https:\/\/www.facebook.com\/OmropFryslan","https:\/\/x.com\/omropfryslan","https:\/\/www.instagram.com\/omropfryslan\/","https:\/\/www.linkedin.com\/company\/omropfryslan\/","https:\/\/www.youtube.com\/user\/OmropFryslan"]},{"@type":"Person","@id":"https:\/\/adverteren.omropfryslan.nl\/#\/schema\/person\/7f87a1ee8c6356c389ea8e7fc96c0254","name":"Ferdinanda Braaksma","image":{"@type":"ImageObject","inLanguage":"fy-FY","@id":"https:\/\/adverteren.omropfryslan.nl\/#\/schema\/person\/image\/","url":"https:\/\/adverteren.omropfryslan.nl\/wp-content\/uploads\/2021\/02\/Ferdinanda-Braaksma-LR-1-300x300.png","contentUrl":"https:\/\/adverteren.omropfryslan.nl\/wp-content\/uploads\/2021\/02\/Ferdinanda-Braaksma-LR-1-300x300.png","caption":"Ferdinanda Braaksma"},"description":"Commercieel medewerker 06-17202606 Neem contact op"}]}},"publishpress_future_action":{"enabled":false,"date":"2025-03-26 09:38:00","action":"change-status","newStatus":"draft","terms":[],"taxonomy":"category","extraData":[]},"publishpress_future_workflow_manual_trigger":{"enabledWorkflows":[]},"_links":{"self":[{"href":"https:\/\/adverteren.omropfryslan.nl\/fy\/wp-json\/wp\/v2\/posts\/5208","targetHints":{"allow":["GET"]}}],"collection":[{"href":"https:\/\/adverteren.omropfryslan.nl\/fy\/wp-json\/wp\/v2\/posts"}],"about":[{"href":"https:\/\/adverteren.omropfryslan.nl\/fy\/wp-json\/wp\/v2\/types\/post"}],"author":[{"embeddable":true,"href":"https:\/\/adverteren.omropfryslan.nl\/fy\/wp-json\/wp\/v2\/users\/20"}],"replies":[{"embeddable":true,"href":"https:\/\/adverteren.omropfryslan.nl\/fy\/wp-json\/wp\/v2\/comments?post=5208"}],"version-history":[{"count":3,"href":"https:\/\/adverteren.omropfryslan.nl\/fy\/wp-json\/wp\/v2\/posts\/5208\/revisions"}],"predecessor-version":[{"id":5300,"href":"https:\/\/adverteren.omropfryslan.nl\/fy\/wp-json\/wp\/v2\/posts\/5208\/revisions\/5300"}],"wp:featuredmedia":[{"embeddable":true,"href":"https:\/\/adverteren.omropfryslan.nl\/fy\/wp-json\/wp\/v2\/media\/5207"}],"wp:attachment":[{"href":"https:\/\/adverteren.omropfryslan.nl\/fy\/wp-json\/wp\/v2\/media?parent=5208"}],"wp:term":[{"taxonomy":"category","embeddable":true,"href":"https:\/\/adverteren.omropfryslan.nl\/fy\/wp-json\/wp\/v2\/categories?post=5208"},{"taxonomy":"post_tag","embeddable":true,"href":"https:\/\/adverteren.omropfryslan.nl\/fy\/wp-json\/wp\/v2\/tags?post=5208"}],"curies":[{"name":"wp","href":"https:\/\/api.w.org\/{rel}","templated":true}]}}